{"id":4441,"date":"2023-05-10T19:33:00","date_gmt":"2023-05-10T19:33:00","guid":{"rendered":"https:\/\/www.metroelektrik.com.tr\/?p=4441"},"modified":"2026-04-20T11:13:21","modified_gmt":"2026-04-20T11:13:21","slug":"abb-kontaktorlerde-ac-3-ve-ac-1-kullanim-kategorileri","status":"publish","type":"post","link":"https:\/\/www.metroelektrik.com.tr\/en\/abb-kontaktorlerde-ac-3-ve-ac-1-kullanim-kategorileri\/","title":{"rendered":"ABB &#8211; Kontakt\u00f6rlerde AC-3 ve AC-1 Kullan\u0131m Kategorileri"},"content":{"rendered":"<p><\/p>\n\n\n\n<p>Kontakt\u00f6r kataloglar\u0131na ve fiyat listelerine bakt\u0131\u011f\u0131m\u0131z zaman AC-1 ve AC-3 gibi farkl\u0131 iki ak\u0131m g\u00f6r\u00fcr\u00fcz. \u00c7o\u011fu kullan\u0131c\u0131da bu ak\u0131mlar kafa kar\u0131\u015f\u0131kl\u0131\u011f\u0131na sebebiyet verir. A\u015fa\u011f\u0131daki g\u00f6sterimde g\u00f6r\u00fclebilece\u011fi gibi 400V\u2019ta 4kW g\u00fcc\u00fcnde olan bir kontakt\u00f6r\u00fcn AC-3 ak\u0131m\u0131 9A ve AC-1 ak\u0131m\u0131 25A\u2019dir.<\/p>\n\n\n\n<p>Sistemlerimizde kontakt\u00f6r kullan\u0131rken ilk g\u00f6z \u00f6n\u00fcnde bulunduraca\u011f\u0131m\u0131z \u015fey bu kontakt\u00f6r\u00fcn hangi tip y\u00fck\u00fc kontrol edece\u011fidir. Kontakt\u00f6rler motor,\u0131s\u0131t\u0131c\u0131,ayd\u0131nlatma,transformat\u00f6r gibi \u00e7e\u015fitli y\u00fcklerinin anahtarlamas\u0131nda kullan\u0131labilir. Yukar\u0131daki \u00f6rnekteki AF09 tipindeki kontakt\u00f6r farkl\u0131 bir \u015fekilde \u00e7al\u0131\u015fmaz, ancak kullan\u0131lacak uygulamaya g\u00f6re ak\u0131m ta\u015f\u0131ma kapasitesi de\u011fi\u015fir diyebiliriz.<\/p>\n\n\n\n<p>Kontakt\u00f6rlerin kullan\u0131m kategorileri IEC60947-4-1 standard\u0131nda belirtilmi\u015ftir. Bu standarda g\u00f6re AC-1 ve AC-3 ak\u0131mlar\u0131 \u015f\u00f6yle tarif edilmi\u015ftir:<\/p>\n\n\n\n<figure class=\"wp-block-table\"><table><tbody><tr><td>&nbsp;Kullan\u0131m<br>&nbsp;Kategorisi<\/td><td>&nbsp;Y\u00fck\u00fcn Karakteristi\u011fi<\/td><td>Uygulamalar<\/td><td>Kapama<br><br>&nbsp;Ak\u0131m\u0131(I)<\/td><td>Kesme<br><br>Ak\u0131m\u0131(Ic)<\/td><\/tr><tr><td>&nbsp;AC-1<\/td><td>End\u00fcktif olmayan y\u00fckler veya<br><br>&nbsp;\u00e7ok az end\u00fcktif y\u00fckler, omik y\u00fckler<\/td><td>Is\u0131tma sistemleri<\/td><td>Ie<\/td><td>Ie<\/td><\/tr><tr><td>&nbsp;AC-3<\/td><td>Sincap kafesli asenkron motorlar<\/td><td>Kompres\u00f6r, pompa, fan,<br>asans\u00f6r, konvey\u00f6r<\/td><td>6xIe<\/td><td>Ie<\/td><\/tr><\/tbody><\/table><\/figure>\n\n\n\n<p>Bu tabloyu AF09\u2019u da i\u015fin i\u00e7ine katarak yorumlayal\u0131m:<\/p>\n\n\n\n<p>Bu kontakt\u00f6r e\u011fer bir sincap motorlu asenkron motor anahtarlamas\u0131nda kullan\u0131lacaksa nominal ak\u0131m\u0131 9A\u2019lik bir motora ba\u011flanabilir. Ayn\u0131 kontakt\u00f6r\u00fc bir \u0131s\u0131t\u0131c\u0131 anahtarlamas\u0131nda kullanacaksak nominal ak\u0131m\u0131 25A\u2019lik bir \u0131s\u0131t\u0131c\u0131ya ba\u011flanabilir denilebilir.<\/p>\n\n\n\n<p>Asenkron motorlar ilk kalk\u0131\u015f an\u0131nda nominal ak\u0131mlar\u0131n\u0131n katlar\u0131na \u00e7\u0131kabilen ak\u0131mlar \u00e7ekebilirler, \u0131s\u0131t\u0131c\u0131lar ise demeraj (ya da kalk\u0131\u015f) ak\u0131m\u0131 dedi\u011fimiz bu ak\u0131mlar\u0131 \u00e7ekmezler. Dolay\u0131s\u0131yla motor anahtarlamas\u0131nda kullan\u0131lan kontakt\u00f6r, kapama s\u0131ras\u0131nda nominal ak\u0131m\u0131n\u0131n katlar\u0131na ula\u015fabilen ak\u0131mlara maruz kalabilir ve bu ko\u015fullarda kapar. Is\u0131t\u0131c\u0131da ise nominal ak\u0131m\u0131 ne ise o ak\u0131ma maruz kalarak kapama yapar. Kesme durumunda motor veya \u0131s\u0131t\u0131c\u0131 farketmeksizin \u00fczerinden nominal ak\u0131m akarken keser. (Motor ilk kalkt\u0131ktan sonra yava\u015f\u00e7a nominal ak\u0131m\u0131na d\u00f6nece\u011finden kesme an\u0131nda nominal ak\u0131m\u0131ndad\u0131r) Yani motor devresinde kullan\u0131lan bir kontakt\u00f6r\u00fcn \u0131s\u0131t\u0131c\u0131 devresinde kullan\u0131lan bir kontakt\u00f6re g\u00f6re ak\u0131m ta\u015f\u0131ma seviyesi d\u00fc\u015f\u00fck olur diyebiliriz.<\/p>\n\n\n\n<p>Kullan\u0131m kategorisi g\u00f6z \u00f6n\u00fcnde bulundurmadan yanl\u0131\u015f se\u00e7ilen bir kontakt\u00f6r zamanla a\u015f\u0131n\u0131r, delinir ve kontaklar\u0131 yap\u0131\u015f\u0131r. Bu da y\u00fck\u00fcn zarar g\u00f6rmesine sebebiyet verir.<\/p>","protected":false},"excerpt":{"rendered":"<p>Kontakt\u00f6r kataloglar\u0131na ve fiyat listelerine bakt\u0131\u011f\u0131m\u0131z zaman AC-1 ve AC-3 gibi farkl\u0131 iki ak\u0131m g\u00f6r\u00fcr\u00fcz. \u00c7o\u011fu kullan\u0131c\u0131da bu ak\u0131mlar kafa kar\u0131\u015f\u0131kl\u0131\u011f\u0131na sebebiyet verir&#8230;<\/p>","protected":false},"author":1,"featured_media":4444,"comment_status":"closed","ping_status":"closed","sticky":false,"template":"","format":"standard","meta":{"_monsterinsights_skip_tracking":false,"_monsterinsights_sitenote_active":false,"_monsterinsights_sitenote_note":"","_monsterinsights_sitenote_category":0,"footnotes":""},"categories":[1],"tags":[],"class_list":["post-4441","post","type-post","status-publish","format-standard","has-post-thumbnail","hentry","category-uncategorized"],"yoast_head":"<!-- This site is optimized with the Yoast SEO plugin v27.5 - https:\/\/yoast.com\/product\/yoast-seo-wordpress\/ -->\n<title>ABB - Kontakt\u00f6rlerde AC-3 ve AC-1 Kullan\u0131m Kategorileri - Metro Elektrik<\/title>\n<meta name=\"robots\" content=\"index, follow, max-snippet:-1, max-image-preview:large, max-video-preview:-1\" \/>\n<link rel=\"canonical\" href=\"https:\/\/www.metroelektrik.com.tr\/en\/abb-kontaktorlerde-ac-3-ve-ac-1-kullanim-kategorileri\/\" \/>\n<meta property=\"og:locale\" content=\"en_GB\" \/>\n<meta property=\"og:type\" content=\"article\" \/>\n<meta property=\"og:title\" content=\"ABB - Kontakt\u00f6rlerde AC-3 ve AC-1 Kullan\u0131m Kategorileri - Metro Elektrik\" \/>\n<meta property=\"og:description\" content=\"Kontakt\u00f6r kataloglar\u0131na ve fiyat listelerine bakt\u0131\u011f\u0131m\u0131z zaman AC-1 ve AC-3 gibi farkl\u0131 iki ak\u0131m g\u00f6r\u00fcr\u00fcz. \u00c7o\u011fu kullan\u0131c\u0131da bu ak\u0131mlar kafa kar\u0131\u015f\u0131kl\u0131\u011f\u0131na sebebiyet verir...\" \/>\n<meta property=\"og:url\" content=\"https:\/\/www.metroelektrik.com.tr\/en\/abb-kontaktorlerde-ac-3-ve-ac-1-kullanim-kategorileri\/\" \/>\n<meta property=\"og:site_name\" content=\"Metro Elektrik\" \/>\n<meta property=\"article:publisher\" content=\"https:\/\/www.facebook.com\/metroelektrikgroup\" \/>\n<meta property=\"article:published_time\" content=\"2023-05-10T19:33:00+00:00\" \/>\n<meta property=\"article:modified_time\" content=\"2026-04-20T11:13:21+00:00\" \/>\n<meta property=\"og:image\" content=\"https:\/\/www.metroelektrik.com.tr\/wp-content\/uploads\/2023\/05\/kontaktor.jpg\" \/>\n\t<meta property=\"og:image:width\" content=\"900\" \/>\n\t<meta property=\"og:image:height\" content=\"550\" \/>\n\t<meta property=\"og:image:type\" content=\"image\/jpeg\" \/>\n<meta name=\"author\" content=\"metroelektrik\" \/>\n<meta name=\"twitter:card\" content=\"summary_large_image\" \/>\n<meta name=\"twitter:label1\" content=\"Written by\" \/>\n\t<meta name=\"twitter:data1\" content=\"metroelektrik\" \/>\n\t<meta name=\"twitter:label2\" content=\"Estimated reading time\" \/>\n\t<meta name=\"twitter:data2\" content=\"2 minutes\" \/>\n<script type=\"application\/ld+json\" class=\"yoast-schema-graph\">{\"@context\":\"https:\\\/\\\/schema.org\",\"@graph\":[{\"@type\":\"Article\",\"@id\":\"https:\\\/\\\/www.metroelektrik.com.tr\\\/abb-kontaktorlerde-ac-3-ve-ac-1-kullanim-kategorileri\\\/#article\",\"isPartOf\":{\"@id\":\"https:\\\/\\\/www.metroelektrik.com.tr\\\/abb-kontaktorlerde-ac-3-ve-ac-1-kullanim-kategorileri\\\/\"},\"author\":{\"name\":\"metroelektrik\",\"@id\":\"https:\\\/\\\/www.metroelektrik.com.tr\\\/#\\\/schema\\\/person\\\/a0409f5e0472fc717f74c46bf2c54668\"},\"headline\":\"ABB &#8211; Kontakt\u00f6rlerde AC-3 ve AC-1 Kullan\u0131m Kategorileri\",\"datePublished\":\"2023-05-10T19:33:00+00:00\",\"dateModified\":\"2026-04-20T11:13:21+00:00\",\"mainEntityOfPage\":{\"@id\":\"https:\\\/\\\/www.metroelektrik.com.tr\\\/abb-kontaktorlerde-ac-3-ve-ac-1-kullanim-kategorileri\\\/\"},\"wordCount\":473,\"publisher\":{\"@id\":\"https:\\\/\\\/www.metroelektrik.com.tr\\\/#organization\"},\"image\":{\"@id\":\"https:\\\/\\\/www.metroelektrik.com.tr\\\/abb-kontaktorlerde-ac-3-ve-ac-1-kullanim-kategorileri\\\/#primaryimage\"},\"thumbnailUrl\":\"https:\\\/\\\/www.metroelektrik.com.tr\\\/wp-content\\\/uploads\\\/2023\\\/05\\\/kontaktor.jpg\",\"articleSection\":[\"Uncategorized\"],\"inLanguage\":\"en-GB\"},{\"@type\":\"WebPage\",\"@id\":\"https:\\\/\\\/www.metroelektrik.com.tr\\\/abb-kontaktorlerde-ac-3-ve-ac-1-kullanim-kategorileri\\\/\",\"url\":\"https:\\\/\\\/www.metroelektrik.com.tr\\\/abb-kontaktorlerde-ac-3-ve-ac-1-kullanim-kategorileri\\\/\",\"name\":\"ABB - Kontakt\u00f6rlerde AC-3 ve AC-1 Kullan\u0131m Kategorileri - Metro Elektrik\",\"isPartOf\":{\"@id\":\"https:\\\/\\\/www.metroelektrik.com.tr\\\/#website\"},\"primaryImageOfPage\":{\"@id\":\"https:\\\/\\\/www.metroelektrik.com.tr\\\/abb-kontaktorlerde-ac-3-ve-ac-1-kullanim-kategorileri\\\/#primaryimage\"},\"image\":{\"@id\":\"https:\\\/\\\/www.metroelektrik.com.tr\\\/abb-kontaktorlerde-ac-3-ve-ac-1-kullanim-kategorileri\\\/#primaryimage\"},\"thumbnailUrl\":\"https:\\\/\\\/www.metroelektrik.com.tr\\\/wp-content\\\/uploads\\\/2023\\\/05\\\/kontaktor.jpg\",\"datePublished\":\"2023-05-10T19:33:00+00:00\",\"dateModified\":\"2026-04-20T11:13:21+00:00\",\"inLanguage\":\"en-GB\",\"potentialAction\":[{\"@type\":\"ReadAction\",\"target\":[\"https:\\\/\\\/www.metroelektrik.com.tr\\\/abb-kontaktorlerde-ac-3-ve-ac-1-kullanim-kategorileri\\\/\"]}]},{\"@type\":\"ImageObject\",\"inLanguage\":\"en-GB\",\"@id\":\"https:\\\/\\\/www.metroelektrik.com.tr\\\/abb-kontaktorlerde-ac-3-ve-ac-1-kullanim-kategorileri\\\/#primaryimage\",\"url\":\"https:\\\/\\\/www.metroelektrik.com.tr\\\/wp-content\\\/uploads\\\/2023\\\/05\\\/kontaktor.jpg\",\"contentUrl\":\"https:\\\/\\\/www.metroelektrik.com.tr\\\/wp-content\\\/uploads\\\/2023\\\/05\\\/kontaktor.jpg\",\"width\":900,\"height\":550},{\"@type\":\"WebSite\",\"@id\":\"https:\\\/\\\/www.metroelektrik.com.tr\\\/#website\",\"url\":\"https:\\\/\\\/www.metroelektrik.com.tr\\\/\",\"name\":\"Metro Elektrik\",\"description\":\"G\u00fcc\u00fcm\u00fcz Tecr\u00fcbemizdir\",\"publisher\":{\"@id\":\"https:\\\/\\\/www.metroelektrik.com.tr\\\/#organization\"},\"potentialAction\":[{\"@type\":\"SearchAction\",\"target\":{\"@type\":\"EntryPoint\",\"urlTemplate\":\"https:\\\/\\\/www.metroelektrik.com.tr\\\/?s={search_term_string}\"},\"query-input\":{\"@type\":\"PropertyValueSpecification\",\"valueRequired\":true,\"valueName\":\"search_term_string\"}}],\"inLanguage\":\"en-GB\"},{\"@type\":\"Organization\",\"@id\":\"https:\\\/\\\/www.metroelektrik.com.tr\\\/#organization\",\"name\":\"Metro Elektrik\",\"url\":\"https:\\\/\\\/www.metroelektrik.com.tr\\\/\",\"logo\":{\"@type\":\"ImageObject\",\"inLanguage\":\"en-GB\",\"@id\":\"https:\\\/\\\/www.metroelektrik.com.tr\\\/#\\\/schema\\\/logo\\\/image\\\/\",\"url\":\"https:\\\/\\\/www.metroelektrik.com.tr\\\/wp-content\\\/uploads\\\/2024\\\/01\\\/Logo-metro-blck-75.png\",\"contentUrl\":\"https:\\\/\\\/www.metroelektrik.com.tr\\\/wp-content\\\/uploads\\\/2024\\\/01\\\/Logo-metro-blck-75.png\",\"width\":197,\"height\":75,\"caption\":\"Metro Elektrik\"},\"image\":{\"@id\":\"https:\\\/\\\/www.metroelektrik.com.tr\\\/#\\\/schema\\\/logo\\\/image\\\/\"},\"sameAs\":[\"https:\\\/\\\/www.facebook.com\\\/metroelektrikgroup\",\"https:\\\/\\\/www.linkedin.com\\\/company\\\/metroelektrikgroup\\\/\",\"https:\\\/\\\/www.instagram.com\\\/metroelektrikgroup\"]},{\"@type\":\"Person\",\"@id\":\"https:\\\/\\\/www.metroelektrik.com.tr\\\/#\\\/schema\\\/person\\\/a0409f5e0472fc717f74c46bf2c54668\",\"name\":\"metroelektrik\",\"image\":{\"@type\":\"ImageObject\",\"inLanguage\":\"en-GB\",\"@id\":\"https:\\\/\\\/secure.gravatar.com\\\/avatar\\\/03e258603285a4a7b2be5c753cf0a408a105d761a7eddf6ec69b8def4cf67f96?s=96&d=mm&r=g\",\"url\":\"https:\\\/\\\/secure.gravatar.com\\\/avatar\\\/03e258603285a4a7b2be5c753cf0a408a105d761a7eddf6ec69b8def4cf67f96?s=96&d=mm&r=g\",\"contentUrl\":\"https:\\\/\\\/secure.gravatar.com\\\/avatar\\\/03e258603285a4a7b2be5c753cf0a408a105d761a7eddf6ec69b8def4cf67f96?s=96&d=mm&r=g\",\"caption\":\"metroelektrik\"},\"url\":\"https:\\\/\\\/www.metroelektrik.com.tr\\\/en\\\/author\\\/metroelektrik\\\/\"}]}<\/script>\n<!-- \/ Yoast SEO plugin. -->","yoast_head_json":{"title":"ABB - Kontakt\u00f6rlerde AC-3 ve AC-1 Kullan\u0131m Kategorileri - Metro Elektrik","robots":{"index":"index","follow":"follow","max-snippet":"max-snippet:-1","max-image-preview":"max-image-preview:large","max-video-preview":"max-video-preview:-1"},"canonical":"https:\/\/www.metroelektrik.com.tr\/en\/abb-kontaktorlerde-ac-3-ve-ac-1-kullanim-kategorileri\/","og_locale":"en_GB","og_type":"article","og_title":"ABB - Kontakt\u00f6rlerde AC-3 ve AC-1 Kullan\u0131m Kategorileri - Metro Elektrik","og_description":"Kontakt\u00f6r kataloglar\u0131na ve fiyat listelerine bakt\u0131\u011f\u0131m\u0131z zaman AC-1 ve AC-3 gibi farkl\u0131 iki ak\u0131m g\u00f6r\u00fcr\u00fcz. \u00c7o\u011fu kullan\u0131c\u0131da bu ak\u0131mlar kafa kar\u0131\u015f\u0131kl\u0131\u011f\u0131na sebebiyet verir...","og_url":"https:\/\/www.metroelektrik.com.tr\/en\/abb-kontaktorlerde-ac-3-ve-ac-1-kullanim-kategorileri\/","og_site_name":"Metro Elektrik","article_publisher":"https:\/\/www.facebook.com\/metroelektrikgroup","article_published_time":"2023-05-10T19:33:00+00:00","article_modified_time":"2026-04-20T11:13:21+00:00","og_image":[{"width":900,"height":550,"url":"https:\/\/www.metroelektrik.com.tr\/wp-content\/uploads\/2023\/05\/kontaktor.jpg","type":"image\/jpeg"}],"author":"metroelektrik","twitter_card":"summary_large_image","twitter_misc":{"Written by":"metroelektrik","Estimated reading time":"2 minutes"},"schema":{"@context":"https:\/\/schema.org","@graph":[{"@type":"Article","@id":"https:\/\/www.metroelektrik.com.tr\/abb-kontaktorlerde-ac-3-ve-ac-1-kullanim-kategorileri\/#article","isPartOf":{"@id":"https:\/\/www.metroelektrik.com.tr\/abb-kontaktorlerde-ac-3-ve-ac-1-kullanim-kategorileri\/"},"author":{"name":"metroelektrik","@id":"https:\/\/www.metroelektrik.com.tr\/#\/schema\/person\/a0409f5e0472fc717f74c46bf2c54668"},"headline":"ABB &#8211; Kontakt\u00f6rlerde AC-3 ve AC-1 Kullan\u0131m Kategorileri","datePublished":"2023-05-10T19:33:00+00:00","dateModified":"2026-04-20T11:13:21+00:00","mainEntityOfPage":{"@id":"https:\/\/www.metroelektrik.com.tr\/abb-kontaktorlerde-ac-3-ve-ac-1-kullanim-kategorileri\/"},"wordCount":473,"publisher":{"@id":"https:\/\/www.metroelektrik.com.tr\/#organization"},"image":{"@id":"https:\/\/www.metroelektrik.com.tr\/abb-kontaktorlerde-ac-3-ve-ac-1-kullanim-kategorileri\/#primaryimage"},"thumbnailUrl":"https:\/\/www.metroelektrik.com.tr\/wp-content\/uploads\/2023\/05\/kontaktor.jpg","articleSection":["Uncategorized"],"inLanguage":"en-GB"},{"@type":"WebPage","@id":"https:\/\/www.metroelektrik.com.tr\/abb-kontaktorlerde-ac-3-ve-ac-1-kullanim-kategorileri\/","url":"https:\/\/www.metroelektrik.com.tr\/abb-kontaktorlerde-ac-3-ve-ac-1-kullanim-kategorileri\/","name":"ABB - Kontakt\u00f6rlerde AC-3 ve AC-1 Kullan\u0131m Kategorileri - Metro Elektrik","isPartOf":{"@id":"https:\/\/www.metroelektrik.com.tr\/#website"},"primaryImageOfPage":{"@id":"https:\/\/www.metroelektrik.com.tr\/abb-kontaktorlerde-ac-3-ve-ac-1-kullanim-kategorileri\/#primaryimage"},"image":{"@id":"https:\/\/www.metroelektrik.com.tr\/abb-kontaktorlerde-ac-3-ve-ac-1-kullanim-kategorileri\/#primaryimage"},"thumbnailUrl":"https:\/\/www.metroelektrik.com.tr\/wp-content\/uploads\/2023\/05\/kontaktor.jpg","datePublished":"2023-05-10T19:33:00+00:00","dateModified":"2026-04-20T11:13:21+00:00","inLanguage":"en-GB","potentialAction":[{"@type":"ReadAction","target":["https:\/\/www.metroelektrik.com.tr\/abb-kontaktorlerde-ac-3-ve-ac-1-kullanim-kategorileri\/"]}]},{"@type":"ImageObject","inLanguage":"en-GB","@id":"https:\/\/www.metroelektrik.com.tr\/abb-kontaktorlerde-ac-3-ve-ac-1-kullanim-kategorileri\/#primaryimage","url":"https:\/\/www.metroelektrik.com.tr\/wp-content\/uploads\/2023\/05\/kontaktor.jpg","contentUrl":"https:\/\/www.metroelektrik.com.tr\/wp-content\/uploads\/2023\/05\/kontaktor.jpg","width":900,"height":550},{"@type":"WebSite","@id":"https:\/\/www.metroelektrik.com.tr\/#website","url":"https:\/\/www.metroelektrik.com.tr\/","name":"Metro Elektrik","description":"G\u00fcc\u00fcm\u00fcz Tecr\u00fcbemizdir","publisher":{"@id":"https:\/\/www.metroelektrik.com.tr\/#organization"},"potentialAction":[{"@type":"SearchAction","target":{"@type":"EntryPoint","urlTemplate":"https:\/\/www.metroelektrik.com.tr\/?s={search_term_string}"},"query-input":{"@type":"PropertyValueSpecification","valueRequired":true,"valueName":"search_term_string"}}],"inLanguage":"en-GB"},{"@type":"Organization","@id":"https:\/\/www.metroelektrik.com.tr\/#organization","name":"Metro Elektrik","url":"https:\/\/www.metroelektrik.com.tr\/","logo":{"@type":"ImageObject","inLanguage":"en-GB","@id":"https:\/\/www.metroelektrik.com.tr\/#\/schema\/logo\/image\/","url":"https:\/\/www.metroelektrik.com.tr\/wp-content\/uploads\/2024\/01\/Logo-metro-blck-75.png","contentUrl":"https:\/\/www.metroelektrik.com.tr\/wp-content\/uploads\/2024\/01\/Logo-metro-blck-75.png","width":197,"height":75,"caption":"Metro Elektrik"},"image":{"@id":"https:\/\/www.metroelektrik.com.tr\/#\/schema\/logo\/image\/"},"sameAs":["https:\/\/www.facebook.com\/metroelektrikgroup","https:\/\/www.linkedin.com\/company\/metroelektrikgroup\/","https:\/\/www.instagram.com\/metroelektrikgroup"]},{"@type":"Person","@id":"https:\/\/www.metroelektrik.com.tr\/#\/schema\/person\/a0409f5e0472fc717f74c46bf2c54668","name":"metroelektrik","image":{"@type":"ImageObject","inLanguage":"en-GB","@id":"https:\/\/secure.gravatar.com\/avatar\/03e258603285a4a7b2be5c753cf0a408a105d761a7eddf6ec69b8def4cf67f96?s=96&d=mm&r=g","url":"https:\/\/secure.gravatar.com\/avatar\/03e258603285a4a7b2be5c753cf0a408a105d761a7eddf6ec69b8def4cf67f96?s=96&d=mm&r=g","contentUrl":"https:\/\/secure.gravatar.com\/avatar\/03e258603285a4a7b2be5c753cf0a408a105d761a7eddf6ec69b8def4cf67f96?s=96&d=mm&r=g","caption":"metroelektrik"},"url":"https:\/\/www.metroelektrik.com.tr\/en\/author\/metroelektrik\/"}]}},"_links":{"self":[{"href":"https:\/\/www.metroelektrik.com.tr\/en\/wp-json\/wp\/v2\/posts\/4441","targetHints":{"allow":["GET"]}}],"collection":[{"href":"https:\/\/www.metroelektrik.com.tr\/en\/wp-json\/wp\/v2\/posts"}],"about":[{"href":"https:\/\/www.metroelektrik.com.tr\/en\/wp-json\/wp\/v2\/types\/post"}],"author":[{"embeddable":true,"href":"https:\/\/www.metroelektrik.com.tr\/en\/wp-json\/wp\/v2\/users\/1"}],"replies":[{"embeddable":true,"href":"https:\/\/www.metroelektrik.com.tr\/en\/wp-json\/wp\/v2\/comments?post=4441"}],"version-history":[{"count":1,"href":"https:\/\/www.metroelektrik.com.tr\/en\/wp-json\/wp\/v2\/posts\/4441\/revisions"}],"predecessor-version":[{"id":11704,"href":"https:\/\/www.metroelektrik.com.tr\/en\/wp-json\/wp\/v2\/posts\/4441\/revisions\/11704"}],"wp:featuredmedia":[{"embeddable":true,"href":"https:\/\/www.metroelektrik.com.tr\/en\/wp-json\/wp\/v2\/media\/4444"}],"wp:attachment":[{"href":"https:\/\/www.metroelektrik.com.tr\/en\/wp-json\/wp\/v2\/media?parent=4441"}],"wp:term":[{"taxonomy":"category","embeddable":true,"href":"https:\/\/www.metroelektrik.com.tr\/en\/wp-json\/wp\/v2\/categories?post=4441"},{"taxonomy":"post_tag","embeddable":true,"href":"https:\/\/www.metroelektrik.com.tr\/en\/wp-json\/wp\/v2\/tags?post=4441"}],"curies":[{"name":"wp","href":"https:\/\/api.w.org\/{rel}","templated":true}]}}